{"id":227,"date":"2022-05-13T10:52:10","date_gmt":"2022-05-13T10:52:10","guid":{"rendered":"https:\/\/bulgariawakacje.net\/ro\/?p=227"},"modified":"2022-05-13T10:52:10","modified_gmt":"2022-05-13T10:52:10","slug":"harta-vreme-ce-sa-vezi","status":"publish","type":"post","link":"https:\/\/bulgariawakacje.net\/ro\/harta-vreme-ce-sa-vezi\/","title":{"rendered":"hart\u0103, vreme, ce s\u0103 vezi."},"content":{"rendered":"<div style=\"text-align:center\"><img loading=\"lazy\" decoding=\"async\" width=\"696\" height=\"392\" src=\"https:\/\/i0.wp.com\/bulgariawakacje.net\/wp-content\/uploads\/2022\/02\/Varna-map-weather-what-to-see.jpg?resize=696%2C392&amp;ssl=1\" class=\"attachment-post-thumbnail size-post-thumbnail wp-post-image\" alt=\"hart\u0103, vreme, ce s\u0103 vezi.\" title=\"hart\u0103, vreme, ce s\u0103 vezi.\" \/><\/div><div>\n<div>\n            <!-- image --><\/p>\n<div class=\"td-post-featured-image\"><a target=\"_blank\" href=\"https:\/\/i0.wp.com\/wakacjetv.pl\/wp-content\/uploads\/2022\/02\/maxresdefault-9.jpg?fit=1280%2C720&amp;ssl=1\" data-caption=\"\" rel=\"noopener\"><\/a><\/div>\n<h2 id=\"ciekawe-miejsca-w-warnie-co-warto-zobaczyc-i-co-tam-robic\">Locuri interesante din Varna.  Ce merit\u0103 v\u0103zut \u0219i ce s\u0103 faci acolo?<\/h2>\n<figure class=\"wp-block-image size-large\"><img decoding=\"async\" alt=\"\" data-recalc-dims=\"1\" src=\"https:\/\/i0.wp.com\/bulgariawakacje.net\/wp-content\/uploads\/2022\/02\/1643982984_555_Varna-map-weather-what-to-see.jpg?w=1080&amp;ssl=1\" class=\" jetpack-lazy-image\"\/><noscript><img decoding=\"async\" src=\"https:\/\/i0.wp.com\/bulgariawakacje.net\/wp-content\/uploads\/2022\/02\/1643982984_499_Varna-map-weather-what-to-see.jpg?w=1080&amp;ssl=1\" alt=\"\" data-recalc-dims=\"1\"\/><\/noscript><\/figure>\n<p>Varna este al treilea ora\u0219-port bulgar ca m\u0103rime.  \u00cen prezent, exist\u0103 aproximativ 350.000 de locuitori.  Este un ora\u0219 cunoscut \u00een primul r\u00e2nd pentru portul \u0219i aeroportul s\u0103u.  Majoritatea turi\u0219tilor \u00ee\u0219i \u00eencep c\u0103l\u0103toria prin Bulgaria aici, a\u0219a c\u0103 to\u021bi cei care au fost \u00een Bulgaria m\u0103car o dat\u0103 cunosc acest ora\u0219 aglomerat \u0219i zgomotos.  Vremea \u00een lunile de var\u0103 este perfect\u0103 pentru vacan\u021bele \u00een Varna, de\u0219i nici lunile de prim\u0103var\u0103 sau de \u00eenceputul toamnei nu sunt cele mai reci.<\/p>\n<figure class=\"wp-block-embed is-type-video is-provider-youtube wp-block-embed-youtube wp-embed-aspect-16-9 wp-has-aspect-ratio\">\n<p>\n<iframe loading=\"lazy\" title=\"VARNA, Bulgaria - City Tour &amp; Travel Guide | Lesser Known Cities\" width=\"1080\" height=\"608\" src=\"https:\/\/www.youtube.com\/embed\/T3S83bop_Lo?feature=oembed\"  allow=\"accelerometer; autoplay; clipboard-write; encrypted-media; gyroscope; picture-in-picture\" allowfullscreen><\/iframe>\n<\/p>\n<\/figure>\n<h2 id=\"warna-dla-mlodych\">Varna pentru tineri.<\/h2>\n<p>Varna este un loc ideal pentru tineri, deoarece este un ora\u0219 \u00een care sunt organizate numeroase evenimente \u0219i festivaluri \u00een aer liber.  Exist\u0103 mai ales multe dintre ele \u00een lunile de var\u0103, unde turi\u0219tii se bucur\u0103 cel mai mult la mare p\u00e2n\u0103 \u00een zori.  Din acest motiv, ora\u0219ul atrage \u00een principal tineri c\u0103rora le place distrac\u021bia, zgomotul \u0219i aglomera\u021bia.  La Varna, nimeni nu va rata.  Peisaje frumoase, concerte pe plaj\u0103, relaxare la soare, distrac\u021bie \u00een marea cald\u0103 \u0219i mul\u021bimi de turi\u0219ti, asta este ceea ce atrage cel mai mult turi\u0219tii \u00een Varna.  Dar este Varna un ora\u0219 doar pentru distrac\u021bie?  Nu, este un ora\u0219 foarte vechi, cu o istorie grozav\u0103 \u0219i multe monumente interesante.  Prin urmare, v\u0103 invit\u0103m s\u0103 vizita\u021bi Varna.<\/p>\n<h2 id=\"zwiedzanie-warny\">\u00cen vizit\u0103 la Varna.<\/h2>\n<p>Dup\u0103 cum am men\u021bionat mai sus, Varna este un ora\u0219 cu un trecut foarte interesant \u0219i bogat.  Primele urme de locuire \u00een aceste zone provin din anul 580 \u00ee.Hr.  Prima a\u0219ezare a fost o colonie greac\u0103, urmat\u0103 de Imperiul Roman \u0219i Bizan\u021b.  De-a lungul secolelor, aceste a\u0219ez\u0103ri au fost distruse de mai multe ori, iar \u00een secolul al VII-lea d.Hr., dup\u0103 b\u0103t\u0103liile slavilor \u0219i avarilor, a\u0219ezarea a fost din nou distrus\u0103, dar ulterior reconstruit\u0103 de cei dint\u00e2i \u0219i numit\u0103 Varna.  Urm\u0103toarea soart\u0103 nu a fost nici bun\u0103 cu ora\u0219ul, deoarece ora\u0219ul a trecut \u00een m\u00e2ini diferite, astfel \u00eenc\u00e2t din 1878 s\u0103 r\u0103m\u00e2n\u0103 \u00een grani\u021bele Bulgariei pentru totdeauna.  P\u00e2n\u0103 ast\u0103zi, putem admira r\u0103m\u0103\u0219i\u021bele altor culturi din Varna, care au influen\u021bat \u00een mare m\u0103sur\u0103 formarea acestui ora\u0219.  Deci pute\u021bi vedea acolo, printre altele:<\/p>\n<ul>\n<li>ruinele unei bazilici din secolul al V-lea<\/li>\n<li>uine ale cl\u0103dirilor romane<\/li>\n<li>Ortifica\u021bii bizantine<\/li>\n<li>monumente de arhitectur\u0103 turceasc\u0103 \u0219i multe altele.<\/li>\n<\/ul>\n<\/div><\/div>\n<!-- AddThis Advanced Settings generic via filter on the_content --><!-- AddThis Share Buttons generic via filter on the_content -->","protected":false},"excerpt":{"rendered":"<p>Locuri interesante din Varna. Ce merit\u0103 v\u0103zut \u0219i ce s\u0103 faci acolo? Varna este al treilea ora\u0219-port bulgar ca m\u0103rime. \u00cen prezent, exist\u0103 aproximativ 350.000 de locuitori. Este un ora\u0219 cunoscut \u00een primul r\u00e2nd pentru portul \u0219i aeroportul s\u0103u. Majoritatea turi\u0219tilor \u00ee\u0219i \u00eencep c\u0103l\u0103toria prin Bulgaria aici, a\u0219a c\u0103 to\u021bi cei care au fost \u00een [&hellip;]<!-- AddThis Advanced Settings generic via filter on get_the_excerpt --><!-- AddThis Share Buttons generic via filter on get_the_excerpt --><\/p>\n","protected":false},"author":1,"featured_media":228,"comment_status":"closed","ping_status":"","sticky":false,"template":"","format":"standard","meta":{"_et_pb_use_builder":"","_et_pb_old_content":"","_et_gb_content_width":"","fifu_image_url":"https:\/\/i0.wp.com\/bulgariawakacje.net\/wp-content\/uploads\/2022\/02\/Varna-map-weather-what-to-see.jpg?resize=696%2C392&amp;ssl=1","fifu_image_alt":"","footnotes":""},"categories":[3],"tags":[],"class_list":["post-227","post","type-post","status-publish","format-standard","has-post-thumbnail","hentry","category-concediu-de-odihna"],"yoast_head":"<!-- This site is optimized with the Yoast SEO plugin v27.4 - https:\/\/yoast.com\/product\/yoast-seo-wordpress\/ -->\n<title>hart\u0103, vreme, ce s\u0103 vezi.<\/title>\n<meta name=\"robots\" content=\"index, follow, max-snippet:-1, max-image-preview:large, max-video-preview:-1\" \/>\n<link rel=\"canonical\" href=\"https:\/\/bulgariawakacje.net\/ro\/harta-vreme-ce-sa-vezi\/\" \/>\n<meta property=\"og:locale\" content=\"en_GB\" \/>\n<meta property=\"og:type\" content=\"article\" \/>\n<meta property=\"og:title\" content=\"hart\u0103, vreme, ce s\u0103 vezi.\" \/>\n<meta property=\"og:description\" content=\"Locuri interesante din Varna. Ce merit\u0103 v\u0103zut \u0219i ce s\u0103 faci acolo? Varna este al treilea ora\u0219-port bulgar ca m\u0103rime. \u00cen prezent, exist\u0103 aproximativ 350.000 de locuitori. Este un ora\u0219 cunoscut \u00een primul r\u00e2nd pentru portul \u0219i aeroportul s\u0103u. Majoritatea turi\u0219tilor \u00ee\u0219i \u00eencep c\u0103l\u0103toria prin Bulgaria aici, a\u0219a c\u0103 to\u021bi cei care au fost \u00een [&hellip;]\" \/>\n<meta property=\"og:url\" content=\"https:\/\/bulgariawakacje.net\/ro\/harta-vreme-ce-sa-vezi\/\" \/>\n<meta property=\"og:site_name\" content=\"RO Vacan\u021b\u0103 \u00een Bulgaria\" \/>\n<meta property=\"article:published_time\" content=\"2022-05-13T10:52:10+00:00\" \/>\n<meta property=\"og:image\" content=\"https:\/\/i0.wp.com\/bulgariawakacje.net\/wp-content\/uploads\/2022\/02\/Varna-map-weather-what-to-see.jpg?resize=696%2C392&ssl=1\" \/>\n<meta name=\"author\" content=\"admin\" \/>\n<meta name=\"twitter:card\" content=\"summary_large_image\" \/>\n<meta name=\"twitter:image\" content=\"https:\/\/i0.wp.com\/bulgariawakacje.net\/wp-content\/uploads\/2022\/02\/Varna-map-weather-what-to-see.jpg?resize=696%2C392&ssl=1\" \/>\n<meta name=\"twitter:label1\" content=\"Written by\" \/>\n\t<meta name=\"twitter:data1\" content=\"admin\" \/>\n\t<meta name=\"twitter:label2\" content=\"Estimated reading time\" \/>\n\t<meta name=\"twitter:data2\" content=\"2 minutes\" \/>\n<script type=\"application\/ld+json\" class=\"yoast-schema-graph\">{\"@context\":\"https:\\\/\\\/schema.org\",\"@graph\":[{\"@type\":\"Article\",\"@id\":\"https:\\\/\\\/bulgariawakacje.net\\\/ro\\\/harta-vreme-ce-sa-vezi\\\/#article\",\"isPartOf\":{\"@id\":\"https:\\\/\\\/bulgariawakacje.net\\\/ro\\\/harta-vreme-ce-sa-vezi\\\/\"},\"author\":{\"name\":\"admin\",\"@id\":\"https:\\\/\\\/bulgariawakacje.net\\\/ro\\\/#\\\/schema\\\/person\\\/f6b9c02f315b7e21a37b0cf46824b99a\"},\"headline\":\"hart\u0103, vreme, ce s\u0103 vezi.\",\"datePublished\":\"2022-05-13T10:52:10+00:00\",\"mainEntityOfPage\":{\"@id\":\"https:\\\/\\\/bulgariawakacje.net\\\/ro\\\/harta-vreme-ce-sa-vezi\\\/\"},\"wordCount\":437,\"publisher\":{\"@id\":\"https:\\\/\\\/bulgariawakacje.net\\\/ro\\\/#organization\"},\"image\":{\"@id\":\"https:\\\/\\\/bulgariawakacje.net\\\/ro\\\/harta-vreme-ce-sa-vezi\\\/#primaryimage\"},\"thumbnailUrl\":\"https:\\\/\\\/i0.wp.com\\\/bulgariawakacje.net\\\/wp-content\\\/uploads\\\/2022\\\/02\\\/Varna-map-weather-what-to-see.jpg?resize=696%2C392&ssl=1\",\"articleSection\":[\"Concediu de odihna\"],\"inLanguage\":\"en-GB\"},{\"@type\":\"WebPage\",\"@id\":\"https:\\\/\\\/bulgariawakacje.net\\\/ro\\\/harta-vreme-ce-sa-vezi\\\/\",\"url\":\"https:\\\/\\\/bulgariawakacje.net\\\/ro\\\/harta-vreme-ce-sa-vezi\\\/\",\"name\":\"hart\u0103, vreme, ce s\u0103 vezi.\",\"isPartOf\":{\"@id\":\"https:\\\/\\\/bulgariawakacje.net\\\/ro\\\/#website\"},\"primaryImageOfPage\":{\"@id\":\"https:\\\/\\\/bulgariawakacje.net\\\/ro\\\/harta-vreme-ce-sa-vezi\\\/#primaryimage\"},\"image\":{\"@id\":\"https:\\\/\\\/bulgariawakacje.net\\\/ro\\\/harta-vreme-ce-sa-vezi\\\/#primaryimage\"},\"thumbnailUrl\":\"https:\\\/\\\/i0.wp.com\\\/bulgariawakacje.net\\\/wp-content\\\/uploads\\\/2022\\\/02\\\/Varna-map-weather-what-to-see.jpg?resize=696%2C392&ssl=1\",\"datePublished\":\"2022-05-13T10:52:10+00:00\",\"breadcrumb\":{\"@id\":\"https:\\\/\\\/bulgariawakacje.net\\\/ro\\\/harta-vreme-ce-sa-vezi\\\/#breadcrumb\"},\"inLanguage\":\"en-GB\",\"potentialAction\":[{\"@type\":\"ReadAction\",\"target\":[\"https:\\\/\\\/bulgariawakacje.net\\\/ro\\\/harta-vreme-ce-sa-vezi\\\/\"]}]},{\"@type\":\"ImageObject\",\"inLanguage\":\"en-GB\",\"@id\":\"https:\\\/\\\/bulgariawakacje.net\\\/ro\\\/harta-vreme-ce-sa-vezi\\\/#primaryimage\",\"url\":\"https:\\\/\\\/i0.wp.com\\\/bulgariawakacje.net\\\/wp-content\\\/uploads\\\/2022\\\/02\\\/Varna-map-weather-what-to-see.jpg?resize=696%2C392&ssl=1\",\"contentUrl\":\"https:\\\/\\\/i0.wp.com\\\/bulgariawakacje.net\\\/wp-content\\\/uploads\\\/2022\\\/02\\\/Varna-map-weather-what-to-see.jpg?resize=696%2C392&ssl=1\",\"width\":696,\"height\":392,\"caption\":\"hart\u0103, vreme, ce s\u0103 vezi.\"},{\"@type\":\"BreadcrumbList\",\"@id\":\"https:\\\/\\\/bulgariawakacje.net\\\/ro\\\/harta-vreme-ce-sa-vezi\\\/#breadcrumb\",\"itemListElement\":[{\"@type\":\"ListItem\",\"position\":1,\"name\":\"Home\",\"item\":\"https:\\\/\\\/bulgariawakacje.net\\\/ro\\\/\"},{\"@type\":\"ListItem\",\"position\":2,\"name\":\"hart\u0103, vreme, ce s\u0103 vezi.\"}]},{\"@type\":\"WebSite\",\"@id\":\"https:\\\/\\\/bulgariawakacje.net\\\/ro\\\/#website\",\"url\":\"https:\\\/\\\/bulgariawakacje.net\\\/ro\\\/\",\"name\":\"RO Vacan\u021b\u0103 \u00een Bulgaria\",\"description\":\"Vacan\u021b\u0103 \u00een Bulgaria - articole, sfaturi, vreme \u0219i vizitarea obiectivelor turistice\",\"publisher\":{\"@id\":\"https:\\\/\\\/bulgariawakacje.net\\\/ro\\\/#organization\"},\"potentialAction\":[{\"@type\":\"SearchAction\",\"target\":{\"@type\":\"EntryPoint\",\"urlTemplate\":\"https:\\\/\\\/bulgariawakacje.net\\\/ro\\\/?s={search_term_string}\"},\"query-input\":{\"@type\":\"PropertyValueSpecification\",\"valueRequired\":true,\"valueName\":\"search_term_string\"}}],\"inLanguage\":\"en-GB\"},{\"@type\":\"Organization\",\"@id\":\"https:\\\/\\\/bulgariawakacje.net\\\/ro\\\/#organization\",\"name\":\"RO Vacan\u021b\u0103 \u00een Bulgaria\",\"url\":\"https:\\\/\\\/bulgariawakacje.net\\\/ro\\\/\",\"logo\":{\"@type\":\"ImageObject\",\"inLanguage\":\"en-GB\",\"@id\":\"https:\\\/\\\/bulgariawakacje.net\\\/ro\\\/#\\\/schema\\\/logo\\\/image\\\/\",\"url\":\"https:\\\/\\\/i0.wp.com\\\/bulgariawakacje.net\\\/ro\\\/wp-content\\\/uploads\\\/sites\\\/27\\\/2022\\\/01\\\/logo.png?fit=196%2C86&ssl=1\",\"contentUrl\":\"https:\\\/\\\/i0.wp.com\\\/bulgariawakacje.net\\\/ro\\\/wp-content\\\/uploads\\\/sites\\\/27\\\/2022\\\/01\\\/logo.png?fit=196%2C86&ssl=1\",\"width\":196,\"height\":86,\"caption\":\"RO Vacan\u021b\u0103 \u00een Bulgaria\"},\"image\":{\"@id\":\"https:\\\/\\\/bulgariawakacje.net\\\/ro\\\/#\\\/schema\\\/logo\\\/image\\\/\"}},{\"@type\":\"Person\",\"@id\":\"https:\\\/\\\/bulgariawakacje.net\\\/ro\\\/#\\\/schema\\\/person\\\/f6b9c02f315b7e21a37b0cf46824b99a\",\"name\":\"admin\",\"image\":{\"@type\":\"ImageObject\",\"inLanguage\":\"en-GB\",\"@id\":\"https:\\\/\\\/secure.gravatar.com\\\/avatar\\\/43e1c6984293579bdca6d6bb5f0adfb47d4078bc94b8da2fcfd64f6f83c3e9a5?s=96&d=mm&r=g\",\"url\":\"https:\\\/\\\/secure.gravatar.com\\\/avatar\\\/43e1c6984293579bdca6d6bb5f0adfb47d4078bc94b8da2fcfd64f6f83c3e9a5?s=96&d=mm&r=g\",\"contentUrl\":\"https:\\\/\\\/secure.gravatar.com\\\/avatar\\\/43e1c6984293579bdca6d6bb5f0adfb47d4078bc94b8da2fcfd64f6f83c3e9a5?s=96&d=mm&r=g\",\"caption\":\"admin\"},\"sameAs\":[\"https:\\\/\\\/bulgariawakacje.net\"],\"url\":\"https:\\\/\\\/bulgariawakacje.net\\\/ro\\\/author\\\/admin\\\/\"}]}<\/script>\n<!-- \/ Yoast SEO plugin. -->","yoast_head_json":{"title":"hart\u0103, vreme, ce s\u0103 vezi.","robots":{"index":"index","follow":"follow","max-snippet":"max-snippet:-1","max-image-preview":"max-image-preview:large","max-video-preview":"max-video-preview:-1"},"canonical":"https:\/\/bulgariawakacje.net\/ro\/harta-vreme-ce-sa-vezi\/","og_locale":"en_GB","og_type":"article","og_title":"hart\u0103, vreme, ce s\u0103 vezi.","og_description":"Locuri interesante din Varna. Ce merit\u0103 v\u0103zut \u0219i ce s\u0103 faci acolo? Varna este al treilea ora\u0219-port bulgar ca m\u0103rime. \u00cen prezent, exist\u0103 aproximativ 350.000 de locuitori. Este un ora\u0219 cunoscut \u00een primul r\u00e2nd pentru portul \u0219i aeroportul s\u0103u. Majoritatea turi\u0219tilor \u00ee\u0219i \u00eencep c\u0103l\u0103toria prin Bulgaria aici, a\u0219a c\u0103 to\u021bi cei care au fost \u00een [&hellip;]","og_url":"https:\/\/bulgariawakacje.net\/ro\/harta-vreme-ce-sa-vezi\/","og_site_name":"RO Vacan\u021b\u0103 \u00een Bulgaria","article_published_time":"2022-05-13T10:52:10+00:00","og_image":[{"url":"https:\/\/i0.wp.com\/bulgariawakacje.net\/wp-content\/uploads\/2022\/02\/Varna-map-weather-what-to-see.jpg?resize=696%2C392&ssl=1","type":"","width":"","height":""}],"author":"admin","twitter_card":"summary_large_image","twitter_image":"https:\/\/i0.wp.com\/bulgariawakacje.net\/wp-content\/uploads\/2022\/02\/Varna-map-weather-what-to-see.jpg?resize=696%2C392&ssl=1","twitter_misc":{"Written by":"admin","Estimated reading time":"2 minutes"},"schema":{"@context":"https:\/\/schema.org","@graph":[{"@type":"Article","@id":"https:\/\/bulgariawakacje.net\/ro\/harta-vreme-ce-sa-vezi\/#article","isPartOf":{"@id":"https:\/\/bulgariawakacje.net\/ro\/harta-vreme-ce-sa-vezi\/"},"author":{"name":"admin","@id":"https:\/\/bulgariawakacje.net\/ro\/#\/schema\/person\/f6b9c02f315b7e21a37b0cf46824b99a"},"headline":"hart\u0103, vreme, ce s\u0103 vezi.","datePublished":"2022-05-13T10:52:10+00:00","mainEntityOfPage":{"@id":"https:\/\/bulgariawakacje.net\/ro\/harta-vreme-ce-sa-vezi\/"},"wordCount":437,"publisher":{"@id":"https:\/\/bulgariawakacje.net\/ro\/#organization"},"image":{"@id":"https:\/\/bulgariawakacje.net\/ro\/harta-vreme-ce-sa-vezi\/#primaryimage"},"thumbnailUrl":"https:\/\/i0.wp.com\/bulgariawakacje.net\/wp-content\/uploads\/2022\/02\/Varna-map-weather-what-to-see.jpg?resize=696%2C392&ssl=1","articleSection":["Concediu de odihna"],"inLanguage":"en-GB"},{"@type":"WebPage","@id":"https:\/\/bulgariawakacje.net\/ro\/harta-vreme-ce-sa-vezi\/","url":"https:\/\/bulgariawakacje.net\/ro\/harta-vreme-ce-sa-vezi\/","name":"hart\u0103, vreme, ce s\u0103 vezi.","isPartOf":{"@id":"https:\/\/bulgariawakacje.net\/ro\/#website"},"primaryImageOfPage":{"@id":"https:\/\/bulgariawakacje.net\/ro\/harta-vreme-ce-sa-vezi\/#primaryimage"},"image":{"@id":"https:\/\/bulgariawakacje.net\/ro\/harta-vreme-ce-sa-vezi\/#primaryimage"},"thumbnailUrl":"https:\/\/i0.wp.com\/bulgariawakacje.net\/wp-content\/uploads\/2022\/02\/Varna-map-weather-what-to-see.jpg?resize=696%2C392&ssl=1","datePublished":"2022-05-13T10:52:10+00:00","breadcrumb":{"@id":"https:\/\/bulgariawakacje.net\/ro\/harta-vreme-ce-sa-vezi\/#breadcrumb"},"inLanguage":"en-GB","potentialAction":[{"@type":"ReadAction","target":["https:\/\/bulgariawakacje.net\/ro\/harta-vreme-ce-sa-vezi\/"]}]},{"@type":"ImageObject","inLanguage":"en-GB","@id":"https:\/\/bulgariawakacje.net\/ro\/harta-vreme-ce-sa-vezi\/#primaryimage","url":"https:\/\/i0.wp.com\/bulgariawakacje.net\/wp-content\/uploads\/2022\/02\/Varna-map-weather-what-to-see.jpg?resize=696%2C392&ssl=1","contentUrl":"https:\/\/i0.wp.com\/bulgariawakacje.net\/wp-content\/uploads\/2022\/02\/Varna-map-weather-what-to-see.jpg?resize=696%2C392&ssl=1","width":696,"height":392,"caption":"hart\u0103, vreme, ce s\u0103 vezi."},{"@type":"BreadcrumbList","@id":"https:\/\/bulgariawakacje.net\/ro\/harta-vreme-ce-sa-vezi\/#breadcrumb","itemListElement":[{"@type":"ListItem","position":1,"name":"Home","item":"https:\/\/bulgariawakacje.net\/ro\/"},{"@type":"ListItem","position":2,"name":"hart\u0103, vreme, ce s\u0103 vezi."}]},{"@type":"WebSite","@id":"https:\/\/bulgariawakacje.net\/ro\/#website","url":"https:\/\/bulgariawakacje.net\/ro\/","name":"RO Vacan\u021b\u0103 \u00een Bulgaria","description":"Vacan\u021b\u0103 \u00een Bulgaria - articole, sfaturi, vreme \u0219i vizitarea obiectivelor turistice","publisher":{"@id":"https:\/\/bulgariawakacje.net\/ro\/#organization"},"potentialAction":[{"@type":"SearchAction","target":{"@type":"EntryPoint","urlTemplate":"https:\/\/bulgariawakacje.net\/ro\/?s={search_term_string}"},"query-input":{"@type":"PropertyValueSpecification","valueRequired":true,"valueName":"search_term_string"}}],"inLanguage":"en-GB"},{"@type":"Organization","@id":"https:\/\/bulgariawakacje.net\/ro\/#organization","name":"RO Vacan\u021b\u0103 \u00een Bulgaria","url":"https:\/\/bulgariawakacje.net\/ro\/","logo":{"@type":"ImageObject","inLanguage":"en-GB","@id":"https:\/\/bulgariawakacje.net\/ro\/#\/schema\/logo\/image\/","url":"https:\/\/i0.wp.com\/bulgariawakacje.net\/ro\/wp-content\/uploads\/sites\/27\/2022\/01\/logo.png?fit=196%2C86&ssl=1","contentUrl":"https:\/\/i0.wp.com\/bulgariawakacje.net\/ro\/wp-content\/uploads\/sites\/27\/2022\/01\/logo.png?fit=196%2C86&ssl=1","width":196,"height":86,"caption":"RO Vacan\u021b\u0103 \u00een Bulgaria"},"image":{"@id":"https:\/\/bulgariawakacje.net\/ro\/#\/schema\/logo\/image\/"}},{"@type":"Person","@id":"https:\/\/bulgariawakacje.net\/ro\/#\/schema\/person\/f6b9c02f315b7e21a37b0cf46824b99a","name":"admin","image":{"@type":"ImageObject","inLanguage":"en-GB","@id":"https:\/\/secure.gravatar.com\/avatar\/43e1c6984293579bdca6d6bb5f0adfb47d4078bc94b8da2fcfd64f6f83c3e9a5?s=96&d=mm&r=g","url":"https:\/\/secure.gravatar.com\/avatar\/43e1c6984293579bdca6d6bb5f0adfb47d4078bc94b8da2fcfd64f6f83c3e9a5?s=96&d=mm&r=g","contentUrl":"https:\/\/secure.gravatar.com\/avatar\/43e1c6984293579bdca6d6bb5f0adfb47d4078bc94b8da2fcfd64f6f83c3e9a5?s=96&d=mm&r=g","caption":"admin"},"sameAs":["https:\/\/bulgariawakacje.net"],"url":"https:\/\/bulgariawakacje.net\/ro\/author\/admin\/"}]}},"jetpack_featured_media_url":"https:\/\/i0.wp.com\/bulgariawakacje.net\/wp-content\/uploads\/2022\/02\/Varna-map-weather-what-to-see.jpg?resize=696%2C392&ssl=1","jetpack-related-posts":[{"id":225,"url":"https:\/\/bulgariawakacje.net\/ro\/unde-si-cand-sa-schiezi-in-bulgaria\/\/","url_meta":{"origin":227,"position":0},"title":"Unde \u0219i c\u00e2nd s\u0103 schiezi \u00een Bulgaria?","author":"","date":"May 6, 2022","format":false,"excerpt":"","rel":"","context":"Similar post","block_context":{"text":"Similar post","link":""},"img":{"alt_text":"Unde \u0219i c\u00e2nd s\u0103 schiezi \u00een Bulgaria?","src":"https:\/\/i0.wp.com\/bulgariawakacje.net\/wp-content\/uploads\/2022\/02\/Where-and-when-to-ski-to-Bulgaria.jpg?resize=350%2C200&ssl=1","width":350,"height":200,"srcset":"https:\/\/i0.wp.com\/bulgariawakacje.net\/wp-content\/uploads\/2022\/02\/Where-and-when-to-ski-to-Bulgaria.jpg?resize=350%2C200&ssl=1 1x, https:\/\/i0.wp.com\/bulgariawakacje.net\/wp-content\/uploads\/2022\/02\/Where-and-when-to-ski-to-Bulgaria.jpg?resize=525%2C300&ssl=1 1.5x"},"classes":[]},{"id":216,"url":"https:\/\/bulgariawakacje.net\/ro\/regiunile-bulgariei-nisipurile-de-aur-recenzie-si-video\/\/","url_meta":{"origin":227,"position":1},"title":"Regiunile Bulgariei &#8211; Nisipurile de Aur recenzie \u0219i video.","author":"","date":"April 14, 2022","format":false,"excerpt":"","rel":"","context":"Similar post","block_context":{"text":"Similar post","link":""},"img":{"alt_text":"Regiunile Bulgariei &#8211; Nisipurile de Aur recenzie \u0219i video.","src":"https:\/\/i0.wp.com\/bulgariawakacje.net\/wp-content\/uploads\/2022\/02\/Regions-of-Bulgaria-Golden-Sands-review-and-video.jpg?resize=350%2C200&ssl=1","width":350,"height":200,"srcset":"https:\/\/i0.wp.com\/bulgariawakacje.net\/wp-content\/uploads\/2022\/02\/Regions-of-Bulgaria-Golden-Sands-review-and-video.jpg?resize=350%2C200&ssl=1 1x, https:\/\/i0.wp.com\/bulgariawakacje.net\/wp-content\/uploads\/2022\/02\/Regions-of-Bulgaria-Golden-Sands-review-and-video.jpg?resize=525%2C300&ssl=1 1.5x"},"classes":[]},{"id":219,"url":"https:\/\/bulgariawakacje.net\/ro\/regiunea-sunny-beach-recenzie-video-locatie-clima-locuri-interesante\/\/","url_meta":{"origin":227,"position":2},"title":"Regiunea Sunny Beach &#8211; recenzie video, loca\u021bie, clim\u0103, locuri interesante.","author":"","date":"April 22, 2022","format":false,"excerpt":"","rel":"","context":"Similar post","block_context":{"text":"Similar post","link":""},"img":{"alt_text":"Regiunea Sunny Beach &#8211; recenzie video, loca\u021bie, clim\u0103, locuri interesante.","src":"https:\/\/i0.wp.com\/bulgariawakacje.net\/wp-content\/uploads\/2022\/02\/Sunny-Beach-Region-video-review-location-climate-interesting-places.jpg?resize=350%2C200&ssl=1","width":350,"height":200,"srcset":"https:\/\/i0.wp.com\/bulgariawakacje.net\/wp-content\/uploads\/2022\/02\/Sunny-Beach-Region-video-review-location-climate-interesting-places.jpg?resize=350%2C200&ssl=1 1x, https:\/\/i0.wp.com\/bulgariawakacje.net\/wp-content\/uploads\/2022\/02\/Sunny-Beach-Region-video-review-location-climate-interesting-places.jpg?resize=525%2C300&ssl=1 1.5x"},"classes":[]},{"id":228,"url":"https:\/\/bulgariawakacje.net\/ro\/harta-vreme-ce-sa-vezi\/\/","url_meta":{"origin":227,"position":3},"title":"hart\u0103, vreme, ce s\u0103 vezi.","author":"","date":"May 13, 2022","format":false,"excerpt":"","rel":"","context":"Similar post","block_context":{"text":"Similar post","link":""},"img":{"alt_text":"hart\u0103, vreme, ce s\u0103 vezi.","src":"https:\/\/i0.wp.com\/bulgariawakacje.net\/wp-content\/uploads\/2022\/02\/Varna-map-weather-what-to-see.jpg?resize=350%2C200&ssl=1","width":350,"height":200,"srcset":"https:\/\/i0.wp.com\/bulgariawakacje.net\/wp-content\/uploads\/2022\/02\/Varna-map-weather-what-to-see.jpg?resize=350%2C200&ssl=1 1x, https:\/\/i0.wp.com\/bulgariawakacje.net\/wp-content\/uploads\/2022\/02\/Varna-map-weather-what-to-see.jpg?resize=525%2C300&ssl=1 1.5x"},"classes":[]},{"id":222,"url":"https:\/\/bulgariawakacje.net\/ro\/harta-si-istoria-bulgariei\/\/","url_meta":{"origin":227,"position":4},"title":"Harta \u0219i istoria Bulgariei","author":"","date":"April 29, 2022","format":false,"excerpt":"","rel":"","context":"Similar post","block_context":{"text":"Similar post","link":""},"img":{"alt_text":"Harta \u0219i istoria Bulgariei","src":"https:\/\/i0.wp.com\/bulgariawakacje.net\/wp-content\/uploads\/2022\/02\/Map-and-history-of-Bulgaria-Burgas-Varna-Sunny-Slope.jpg?resize=350%2C200&ssl=1","width":350,"height":200,"srcset":"https:\/\/i0.wp.com\/bulgariawakacje.net\/wp-content\/uploads\/2022\/02\/Map-and-history-of-Bulgaria-Burgas-Varna-Sunny-Slope.jpg?resize=350%2C200&ssl=1 1x, https:\/\/i0.wp.com\/bulgariawakacje.net\/wp-content\/uploads\/2022\/02\/Map-and-history-of-Bulgaria-Burgas-Varna-Sunny-Slope.jpg?resize=525%2C300&ssl=1 1.5x"},"classes":[]}],"_links":{"self":[{"href":"https:\/\/bulgariawakacje.net\/ro\/wp-json\/wp\/v2\/posts\/227","targetHints":{"allow":["GET"]}}],"collection":[{"href":"https:\/\/bulgariawakacje.net\/ro\/wp-json\/wp\/v2\/posts"}],"about":[{"href":"https:\/\/bulgariawakacje.net\/ro\/wp-json\/wp\/v2\/types\/post"}],"author":[{"embeddable":true,"href":"https:\/\/bulgariawakacje.net\/ro\/wp-json\/wp\/v2\/users\/1"}],"replies":[{"embeddable":true,"href":"https:\/\/bulgariawakacje.net\/ro\/wp-json\/wp\/v2\/comments?post=227"}],"version-history":[{"count":1,"href":"https:\/\/bulgariawakacje.net\/ro\/wp-json\/wp\/v2\/posts\/227\/revisions"}],"predecessor-version":[{"id":229,"href":"https:\/\/bulgariawakacje.net\/ro\/wp-json\/wp\/v2\/posts\/227\/revisions\/229"}],"wp:featuredmedia":[{"embeddable":true,"href":"https:\/\/bulgariawakacje.net\/ro\/wp-json\/wp\/v2\/media\/228"}],"wp:attachment":[{"href":"https:\/\/bulgariawakacje.net\/ro\/wp-json\/wp\/v2\/media?parent=227"}],"wp:term":[{"taxonomy":"category","embeddable":true,"href":"https:\/\/bulgariawakacje.net\/ro\/wp-json\/wp\/v2\/categories?post=227"},{"taxonomy":"post_tag","embeddable":true,"href":"https:\/\/bulgariawakacje.net\/ro\/wp-json\/wp\/v2\/tags?post=227"}],"curies":[{"name":"wp","href":"https:\/\/api.w.org\/{rel}","templated":true}]}}