{"id":180,"date":"2022-02-07T14:18:12","date_gmt":"2022-02-07T14:18:12","guid":{"rendered":"https:\/\/bulgariawakacje.net\/lv\/?p=180"},"modified":"2022-02-07T14:18:12","modified_gmt":"2022-02-07T14:18:12","slug":"marts-laika-apstakli-bulgarija-marta-temperatura","status":"publish","type":"post","link":"https:\/\/bulgariawakacje.net\/lv\/marts-laika-apstakli-bulgarija-marta-temperatura\/","title":{"rendered":"Marts &#8211; laika apst\u0101k\u013ci Bulg\u0101rij\u0101 mart\u0101 &#8211; temperat\u016bra."},"content":{"rendered":"<div style=\"text-align:center\"><img loading=\"lazy\" decoding=\"async\" width=\"696\" height=\"392\" src=\"https:\/\/i0.wp.com\/bulgariawakacje.net\/wp-content\/uploads\/2022\/02\/March-the-weather-in-Bulgaria-in-March-temperature.jpg?resize=696%2C392&amp;ssl=1\" class=\"attachment-post-thumbnail size-post-thumbnail wp-post-image\" alt=\"Marts &#8211; laika apst\u0101k\u013ci Bulg\u0101rij\u0101 mart\u0101 &#8211; temperat\u016bra.\" title=\"Marts &#8211; laika apst\u0101k\u013ci Bulg\u0101rij\u0101 mart\u0101 &#8211; temperat\u016bra.\" \/><\/div><div>\n<div>\n<div class=\"td-post-featured-image\"><a target=\"_blank\" href=\"https:\/\/i0.wp.com\/wakacjetv.pl\/wp-content\/uploads\/2022\/02\/Bulgaria-in-March.jpg?fit=1200%2C675&amp;ssl=1\" data-caption=\"\" rel=\"noopener\"><\/a><\/div>\n<h2 id=\"bulgaria-w-marcu-temperatury-powietrza-i-ciekawostki\">mart\u0101 Bulg\u0101rij\u0101.  Gaisa temperat\u016bra un interesanti fakti.<\/h2>\n<p>Marts Bulg\u0101rij\u0101 m\u016bs sagaid\u012bs ar ne p\u0101r\u0101k augstu temperat\u016bru, no 5-8 &#8216;C.  Nokri\u0161\u0146i ir m\u0113reni, t\u0101p\u0113c gr\u016bti iepriek\u0161 prognoz\u0113t, vai uzsit\u012bsim sauli vai lietus.  T\u0101p\u0113c pirms do\u0161an\u0101s ce\u013c\u0101 ir v\u0113rts pap\u0113t\u012bt prec\u012bzus laikapst\u0101k\u013cus tuv\u0101kaj\u0101m dien\u0101m, \u0146emot v\u0113r\u0101 re\u0123ionu, uz kuru dosimies, jo starp tiem ir klimatisk\u0101s un laikapst\u0101k\u013cu at\u0161\u0137ir\u012bbas.<\/p>\n<figure class=\"wp-block-image size-large td-caption-align-https:\/\/wakacjetv.pl\/wp-content\/uploads\/2022\/02\/Bulgaria-in-March.jpg\"><a target=\"_blank\" href=\"https:\/\/i0.wp.com\/wakacjetv.pl\/wp-content\/uploads\/2022\/02\/Bulgaria-in-March.jpg?ssl=1\" rel=\"noopener\"><img decoding=\"async\" loading=\"lazy\" width=\"1024\" height=\"576\" alt=\"\" class=\"wp-image-4829 jetpack-lazy-image\" data-recalc-dims=\"1\" data-lazy-=\"\" src=\"https:\/\/i0.wp.com\/bulgariawakacje.net\/wp-content\/uploads\/2022\/02\/1643961466_505_March-the-weather-in-Bulgaria-in-March-temperature.jpg?resize=1024%2C576&amp;ssl=1\"\/><noscript><img decoding=\"async\" loading=\"lazy\" width=\"1024\" height=\"576\" src=\"https:\/\/i0.wp.com\/bulgariawakacje.net\/wp-content\/uploads\/2022\/02\/1643961467_543_March-the-weather-in-Bulgaria-in-March-temperature.jpg?resize=1024%2C576&amp;ssl=1\" alt=\"\" class=\"wp-image-4829\" data-recalc-dims=\"1\"\/><\/noscript><\/a><\/figure>\n<h2 id=\"roznice-klimatyczne-i-pogodowe\">Klimata un laikapst\u0101k\u013cu at\u0161\u0137ir\u012bbas.<\/h2>\n<p>T\u0101pat k\u0101 virsrakst\u0101, Bulg\u0101rij\u0101 starp atsevi\u0161\u0137iem re\u0123ioniem past\u0101v klimatisk\u0101s at\u0161\u0137ir\u012bbas, kas ietekm\u0113 pa\u0161reiz\u0113jos laikapst\u0101k\u013cus konkr\u0113taj\u0101 viet\u0101.  T\u0101p\u0113c, ja m\u0113s v\u0113lamies uzzin\u0101t, k\u0101di laikapst\u0101k\u013ci b\u016bs mart\u0101, mums vajadz\u0113tu ar\u012b noteikt vietu, uz kuru m\u0113s dosimies.<\/p>\n<p>Der zin\u0101t, ka valsts centr\u0101laj\u0101 da\u013c\u0101 valda m\u0113rens klimats, dienvidos Vidusj\u016bra, bet zieme\u013cos m\u0113rens, kas p\u0101rtop kontinent\u0101l\u0101.  T\u0101tad, k\u0101 jau viegli nojau\u0161at, gaisa temperat\u016bra zieme\u013cos ir nedaudz augst\u0101ka nek\u0101 citos re\u0123ionos, savuk\u0101rt dienvidos, rakstur\u012bgi Vidusj\u016bras klimatam, t\u0101 ir augsta vasar\u0101, kas ar\u012b ir sausa, turkl\u0101t ir ar\u012b maigas ziemas.  Citos re\u0123ionos ziemas ir \u0101rk\u0101rt\u012bgi aukstas, un kalnu re\u0123ionos ir stiprs sniegs.<\/p>\n<h2 id=\"co-warto-ze-soba-zabrac\">Ko ir v\u0113rts \u0146emt l\u012bdzi?<\/h2>\n<p>Mart\u0101 dodoties uz Bulg\u0101riju, ir v\u0113rts pa\u0146emt l\u012bdzi siltas dr\u0113bes.  T\u0101pat j\u0101atceras pa\u0146emt l\u012bdzi lietussargus un jakas, kas pasarg\u0101s m\u016bs no lietus un pavasara v\u0113ja.  T\u0101pat j\u0101atceras lietot imunit\u0101ti stiprino\u0161us medikamentus, jo pavasara m\u0113ne\u0161os gripas v\u012brusu ir visviegl\u0101k saslimt.<\/p>\n<\/div><\/div>\n<!-- AddThis Advanced Settings generic via filter on the_content --><!-- AddThis Share Buttons generic via filter on the_content -->","protected":false},"excerpt":{"rendered":"<p>mart\u0101 Bulg\u0101rij\u0101. Gaisa temperat\u016bra un interesanti fakti. Marts Bulg\u0101rij\u0101 m\u016bs sagaid\u012bs ar ne p\u0101r\u0101k augstu temperat\u016bru, no 5-8 &#8216;C. Nokri\u0161\u0146i ir m\u0113reni, t\u0101p\u0113c gr\u016bti iepriek\u0161 prognoz\u0113t, vai uzsit\u012bsim sauli vai lietus. T\u0101p\u0113c pirms do\u0161an\u0101s ce\u013c\u0101 ir v\u0113rts pap\u0113t\u012bt prec\u012bzus laikapst\u0101k\u013cus tuv\u0101kaj\u0101m dien\u0101m, \u0146emot v\u0113r\u0101 re\u0123ionu, uz kuru dosimies, jo starp tiem ir klimatisk\u0101s un laikapst\u0101k\u013cu [&hellip;]<!-- AddThis Advanced Settings generic via filter on get_the_excerpt --><!-- AddThis Share Buttons generic via filter on get_the_excerpt --><\/p>\n","protected":false},"author":1,"featured_media":181,"comment_status":"closed","ping_status":"","sticky":false,"template":"","format":"standard","meta":{"_et_pb_use_builder":"","_et_pb_old_content":"","_et_gb_content_width":"","fifu_image_url":"https:\/\/i0.wp.com\/bulgariawakacje.net\/wp-content\/uploads\/2022\/02\/March-the-weather-in-Bulgaria-in-March-temperature.jpg?resize=696%2C392&amp;ssl=1","fifu_image_alt":"","footnotes":""},"categories":[3],"tags":[],"class_list":["post-180","post","type-post","status-publish","format-standard","has-post-thumbnail","hentry","category-atvalinajums"],"yoast_head":"<!-- This site is optimized with the Yoast SEO plugin v27.5 - https:\/\/yoast.com\/product\/yoast-seo-wordpress\/ -->\n<title>Marts - laika apst\u0101k\u013ci Bulg\u0101rij\u0101 mart\u0101 - temperat\u016bra.<\/title>\n<meta name=\"robots\" content=\"index, follow, max-snippet:-1, max-image-preview:large, max-video-preview:-1\" \/>\n<link rel=\"canonical\" href=\"https:\/\/bulgariawakacje.net\/lv\/marts-laika-apstakli-bulgarija-marta-temperatura\/\" \/>\n<meta property=\"og:locale\" content=\"en_GB\" \/>\n<meta property=\"og:type\" content=\"article\" \/>\n<meta property=\"og:title\" content=\"Marts - laika apst\u0101k\u013ci Bulg\u0101rij\u0101 mart\u0101 - temperat\u016bra.\" \/>\n<meta property=\"og:description\" content=\"mart\u0101 Bulg\u0101rij\u0101. Gaisa temperat\u016bra un interesanti fakti. Marts Bulg\u0101rij\u0101 m\u016bs sagaid\u012bs ar ne p\u0101r\u0101k augstu temperat\u016bru, no 5-8 &#8216;C. Nokri\u0161\u0146i ir m\u0113reni, t\u0101p\u0113c gr\u016bti iepriek\u0161 prognoz\u0113t, vai uzsit\u012bsim sauli vai lietus. T\u0101p\u0113c pirms do\u0161an\u0101s ce\u013c\u0101 ir v\u0113rts pap\u0113t\u012bt prec\u012bzus laikapst\u0101k\u013cus tuv\u0101kaj\u0101m dien\u0101m, \u0146emot v\u0113r\u0101 re\u0123ionu, uz kuru dosimies, jo starp tiem ir klimatisk\u0101s un laikapst\u0101k\u013cu [&hellip;]\" \/>\n<meta property=\"og:url\" content=\"https:\/\/bulgariawakacje.net\/lv\/marts-laika-apstakli-bulgarija-marta-temperatura\/\" \/>\n<meta property=\"og:site_name\" content=\"LV Bulg\u0101rija atva\u013cin\u0101jums\" \/>\n<meta property=\"article:published_time\" content=\"2022-02-07T14:18:12+00:00\" \/>\n<meta property=\"og:image\" content=\"https:\/\/i0.wp.com\/bulgariawakacje.net\/wp-content\/uploads\/2022\/02\/March-the-weather-in-Bulgaria-in-March-temperature.jpg?resize=696%2C392&ssl=1\" \/>\n<meta name=\"author\" content=\"admin\" \/>\n<meta name=\"twitter:card\" content=\"summary_large_image\" \/>\n<meta name=\"twitter:image\" content=\"https:\/\/i0.wp.com\/bulgariawakacje.net\/wp-content\/uploads\/2022\/02\/March-the-weather-in-Bulgaria-in-March-temperature.jpg?resize=696%2C392&ssl=1\" \/>\n<meta name=\"twitter:label1\" content=\"Written by\" \/>\n\t<meta name=\"twitter:data1\" content=\"admin\" \/>\n\t<meta name=\"twitter:label2\" content=\"Estimated reading time\" \/>\n\t<meta name=\"twitter:data2\" content=\"2 minutes\" \/>\n<script type=\"application\/ld+json\" class=\"yoast-schema-graph\">{\"@context\":\"https:\\\/\\\/schema.org\",\"@graph\":[{\"@type\":\"Article\",\"@id\":\"https:\\\/\\\/bulgariawakacje.net\\\/lv\\\/marts-laika-apstakli-bulgarija-marta-temperatura\\\/#article\",\"isPartOf\":{\"@id\":\"https:\\\/\\\/bulgariawakacje.net\\\/lv\\\/marts-laika-apstakli-bulgarija-marta-temperatura\\\/\"},\"author\":{\"name\":\"admin\",\"@id\":\"https:\\\/\\\/bulgariawakacje.net\\\/lv\\\/#\\\/schema\\\/person\\\/f6b9c02f315b7e21a37b0cf46824b99a\"},\"headline\":\"Marts &#8211; laika apst\u0101k\u013ci Bulg\u0101rij\u0101 mart\u0101 &#8211; temperat\u016bra.\",\"datePublished\":\"2022-02-07T14:18:12+00:00\",\"mainEntityOfPage\":{\"@id\":\"https:\\\/\\\/bulgariawakacje.net\\\/lv\\\/marts-laika-apstakli-bulgarija-marta-temperatura\\\/\"},\"wordCount\":318,\"publisher\":{\"@id\":\"https:\\\/\\\/bulgariawakacje.net\\\/lv\\\/#organization\"},\"image\":{\"@id\":\"https:\\\/\\\/bulgariawakacje.net\\\/lv\\\/marts-laika-apstakli-bulgarija-marta-temperatura\\\/#primaryimage\"},\"thumbnailUrl\":\"https:\\\/\\\/i0.wp.com\\\/bulgariawakacje.net\\\/wp-content\\\/uploads\\\/2022\\\/02\\\/March-the-weather-in-Bulgaria-in-March-temperature.jpg?resize=696%2C392&ssl=1\",\"articleSection\":[\"Atva\u013cin\u0101jums\"],\"inLanguage\":\"en-GB\"},{\"@type\":\"WebPage\",\"@id\":\"https:\\\/\\\/bulgariawakacje.net\\\/lv\\\/marts-laika-apstakli-bulgarija-marta-temperatura\\\/\",\"url\":\"https:\\\/\\\/bulgariawakacje.net\\\/lv\\\/marts-laika-apstakli-bulgarija-marta-temperatura\\\/\",\"name\":\"Marts - laika apst\u0101k\u013ci Bulg\u0101rij\u0101 mart\u0101 - temperat\u016bra.\",\"isPartOf\":{\"@id\":\"https:\\\/\\\/bulgariawakacje.net\\\/lv\\\/#website\"},\"primaryImageOfPage\":{\"@id\":\"https:\\\/\\\/bulgariawakacje.net\\\/lv\\\/marts-laika-apstakli-bulgarija-marta-temperatura\\\/#primaryimage\"},\"image\":{\"@id\":\"https:\\\/\\\/bulgariawakacje.net\\\/lv\\\/marts-laika-apstakli-bulgarija-marta-temperatura\\\/#primaryimage\"},\"thumbnailUrl\":\"https:\\\/\\\/i0.wp.com\\\/bulgariawakacje.net\\\/wp-content\\\/uploads\\\/2022\\\/02\\\/March-the-weather-in-Bulgaria-in-March-temperature.jpg?resize=696%2C392&ssl=1\",\"datePublished\":\"2022-02-07T14:18:12+00:00\",\"breadcrumb\":{\"@id\":\"https:\\\/\\\/bulgariawakacje.net\\\/lv\\\/marts-laika-apstakli-bulgarija-marta-temperatura\\\/#breadcrumb\"},\"inLanguage\":\"en-GB\",\"potentialAction\":[{\"@type\":\"ReadAction\",\"target\":[\"https:\\\/\\\/bulgariawakacje.net\\\/lv\\\/marts-laika-apstakli-bulgarija-marta-temperatura\\\/\"]}]},{\"@type\":\"ImageObject\",\"inLanguage\":\"en-GB\",\"@id\":\"https:\\\/\\\/bulgariawakacje.net\\\/lv\\\/marts-laika-apstakli-bulgarija-marta-temperatura\\\/#primaryimage\",\"url\":\"https:\\\/\\\/i0.wp.com\\\/bulgariawakacje.net\\\/wp-content\\\/uploads\\\/2022\\\/02\\\/March-the-weather-in-Bulgaria-in-March-temperature.jpg?resize=696%2C392&ssl=1\",\"contentUrl\":\"https:\\\/\\\/i0.wp.com\\\/bulgariawakacje.net\\\/wp-content\\\/uploads\\\/2022\\\/02\\\/March-the-weather-in-Bulgaria-in-March-temperature.jpg?resize=696%2C392&ssl=1\",\"width\":696,\"height\":392},{\"@type\":\"BreadcrumbList\",\"@id\":\"https:\\\/\\\/bulgariawakacje.net\\\/lv\\\/marts-laika-apstakli-bulgarija-marta-temperatura\\\/#breadcrumb\",\"itemListElement\":[{\"@type\":\"ListItem\",\"position\":1,\"name\":\"Home\",\"item\":\"https:\\\/\\\/bulgariawakacje.net\\\/lv\\\/\"},{\"@type\":\"ListItem\",\"position\":2,\"name\":\"Marts &#8211; laika apst\u0101k\u013ci Bulg\u0101rij\u0101 mart\u0101 &#8211; temperat\u016bra.\"}]},{\"@type\":\"WebSite\",\"@id\":\"https:\\\/\\\/bulgariawakacje.net\\\/lv\\\/#website\",\"url\":\"https:\\\/\\\/bulgariawakacje.net\\\/lv\\\/\",\"name\":\"LV Bulg\u0101rija atva\u013cin\u0101jums\",\"description\":\"Atva\u013cin\u0101jums Bulg\u0101rij\u0101 \u2013 raksti, padomi, laikapst\u0101k\u013ci un apskates vietas\",\"publisher\":{\"@id\":\"https:\\\/\\\/bulgariawakacje.net\\\/lv\\\/#organization\"},\"potentialAction\":[{\"@type\":\"SearchAction\",\"target\":{\"@type\":\"EntryPoint\",\"urlTemplate\":\"https:\\\/\\\/bulgariawakacje.net\\\/lv\\\/?s={search_term_string}\"},\"query-input\":{\"@type\":\"PropertyValueSpecification\",\"valueRequired\":true,\"valueName\":\"search_term_string\"}}],\"inLanguage\":\"en-GB\"},{\"@type\":\"Organization\",\"@id\":\"https:\\\/\\\/bulgariawakacje.net\\\/lv\\\/#organization\",\"name\":\"LV Bulg\u0101rija atva\u013cin\u0101jums\",\"url\":\"https:\\\/\\\/bulgariawakacje.net\\\/lv\\\/\",\"logo\":{\"@type\":\"ImageObject\",\"inLanguage\":\"en-GB\",\"@id\":\"https:\\\/\\\/bulgariawakacje.net\\\/lv\\\/#\\\/schema\\\/logo\\\/image\\\/\",\"url\":\"https:\\\/\\\/i0.wp.com\\\/bulgariawakacje.net\\\/lv\\\/wp-content\\\/uploads\\\/sites\\\/22\\\/2022\\\/01\\\/logo.png?fit=196%2C86&ssl=1\",\"contentUrl\":\"https:\\\/\\\/i0.wp.com\\\/bulgariawakacje.net\\\/lv\\\/wp-content\\\/uploads\\\/sites\\\/22\\\/2022\\\/01\\\/logo.png?fit=196%2C86&ssl=1\",\"width\":196,\"height\":86,\"caption\":\"LV Bulg\u0101rija atva\u013cin\u0101jums\"},\"image\":{\"@id\":\"https:\\\/\\\/bulgariawakacje.net\\\/lv\\\/#\\\/schema\\\/logo\\\/image\\\/\"}},{\"@type\":\"Person\",\"@id\":\"https:\\\/\\\/bulgariawakacje.net\\\/lv\\\/#\\\/schema\\\/person\\\/f6b9c02f315b7e21a37b0cf46824b99a\",\"name\":\"admin\",\"image\":{\"@type\":\"ImageObject\",\"inLanguage\":\"en-GB\",\"@id\":\"https:\\\/\\\/secure.gravatar.com\\\/avatar\\\/43e1c6984293579bdca6d6bb5f0adfb47d4078bc94b8da2fcfd64f6f83c3e9a5?s=96&d=mm&r=g\",\"url\":\"https:\\\/\\\/secure.gravatar.com\\\/avatar\\\/43e1c6984293579bdca6d6bb5f0adfb47d4078bc94b8da2fcfd64f6f83c3e9a5?s=96&d=mm&r=g\",\"contentUrl\":\"https:\\\/\\\/secure.gravatar.com\\\/avatar\\\/43e1c6984293579bdca6d6bb5f0adfb47d4078bc94b8da2fcfd64f6f83c3e9a5?s=96&d=mm&r=g\",\"caption\":\"admin\"},\"sameAs\":[\"https:\\\/\\\/bulgariawakacje.net\"],\"url\":\"https:\\\/\\\/bulgariawakacje.net\\\/lv\\\/author\\\/admin\\\/\"}]}<\/script>\n<!-- \/ Yoast SEO plugin. -->","yoast_head_json":{"title":"Marts - laika apst\u0101k\u013ci Bulg\u0101rij\u0101 mart\u0101 - temperat\u016bra.","robots":{"index":"index","follow":"follow","max-snippet":"max-snippet:-1","max-image-preview":"max-image-preview:large","max-video-preview":"max-video-preview:-1"},"canonical":"https:\/\/bulgariawakacje.net\/lv\/marts-laika-apstakli-bulgarija-marta-temperatura\/","og_locale":"en_GB","og_type":"article","og_title":"Marts - laika apst\u0101k\u013ci Bulg\u0101rij\u0101 mart\u0101 - temperat\u016bra.","og_description":"mart\u0101 Bulg\u0101rij\u0101. Gaisa temperat\u016bra un interesanti fakti. Marts Bulg\u0101rij\u0101 m\u016bs sagaid\u012bs ar ne p\u0101r\u0101k augstu temperat\u016bru, no 5-8 &#8216;C. Nokri\u0161\u0146i ir m\u0113reni, t\u0101p\u0113c gr\u016bti iepriek\u0161 prognoz\u0113t, vai uzsit\u012bsim sauli vai lietus. T\u0101p\u0113c pirms do\u0161an\u0101s ce\u013c\u0101 ir v\u0113rts pap\u0113t\u012bt prec\u012bzus laikapst\u0101k\u013cus tuv\u0101kaj\u0101m dien\u0101m, \u0146emot v\u0113r\u0101 re\u0123ionu, uz kuru dosimies, jo starp tiem ir klimatisk\u0101s un laikapst\u0101k\u013cu [&hellip;]","og_url":"https:\/\/bulgariawakacje.net\/lv\/marts-laika-apstakli-bulgarija-marta-temperatura\/","og_site_name":"LV Bulg\u0101rija atva\u013cin\u0101jums","article_published_time":"2022-02-07T14:18:12+00:00","og_image":[{"url":"https:\/\/i0.wp.com\/bulgariawakacje.net\/wp-content\/uploads\/2022\/02\/March-the-weather-in-Bulgaria-in-March-temperature.jpg?resize=696%2C392&ssl=1","type":"","width":"","height":""}],"author":"admin","twitter_card":"summary_large_image","twitter_image":"https:\/\/i0.wp.com\/bulgariawakacje.net\/wp-content\/uploads\/2022\/02\/March-the-weather-in-Bulgaria-in-March-temperature.jpg?resize=696%2C392&ssl=1","twitter_misc":{"Written by":"admin","Estimated reading time":"2 minutes"},"schema":{"@context":"https:\/\/schema.org","@graph":[{"@type":"Article","@id":"https:\/\/bulgariawakacje.net\/lv\/marts-laika-apstakli-bulgarija-marta-temperatura\/#article","isPartOf":{"@id":"https:\/\/bulgariawakacje.net\/lv\/marts-laika-apstakli-bulgarija-marta-temperatura\/"},"author":{"name":"admin","@id":"https:\/\/bulgariawakacje.net\/lv\/#\/schema\/person\/f6b9c02f315b7e21a37b0cf46824b99a"},"headline":"Marts &#8211; laika apst\u0101k\u013ci Bulg\u0101rij\u0101 mart\u0101 &#8211; temperat\u016bra.","datePublished":"2022-02-07T14:18:12+00:00","mainEntityOfPage":{"@id":"https:\/\/bulgariawakacje.net\/lv\/marts-laika-apstakli-bulgarija-marta-temperatura\/"},"wordCount":318,"publisher":{"@id":"https:\/\/bulgariawakacje.net\/lv\/#organization"},"image":{"@id":"https:\/\/bulgariawakacje.net\/lv\/marts-laika-apstakli-bulgarija-marta-temperatura\/#primaryimage"},"thumbnailUrl":"https:\/\/i0.wp.com\/bulgariawakacje.net\/wp-content\/uploads\/2022\/02\/March-the-weather-in-Bulgaria-in-March-temperature.jpg?resize=696%2C392&ssl=1","articleSection":["Atva\u013cin\u0101jums"],"inLanguage":"en-GB"},{"@type":"WebPage","@id":"https:\/\/bulgariawakacje.net\/lv\/marts-laika-apstakli-bulgarija-marta-temperatura\/","url":"https:\/\/bulgariawakacje.net\/lv\/marts-laika-apstakli-bulgarija-marta-temperatura\/","name":"Marts - laika apst\u0101k\u013ci Bulg\u0101rij\u0101 mart\u0101 - temperat\u016bra.","isPartOf":{"@id":"https:\/\/bulgariawakacje.net\/lv\/#website"},"primaryImageOfPage":{"@id":"https:\/\/bulgariawakacje.net\/lv\/marts-laika-apstakli-bulgarija-marta-temperatura\/#primaryimage"},"image":{"@id":"https:\/\/bulgariawakacje.net\/lv\/marts-laika-apstakli-bulgarija-marta-temperatura\/#primaryimage"},"thumbnailUrl":"https:\/\/i0.wp.com\/bulgariawakacje.net\/wp-content\/uploads\/2022\/02\/March-the-weather-in-Bulgaria-in-March-temperature.jpg?resize=696%2C392&ssl=1","datePublished":"2022-02-07T14:18:12+00:00","breadcrumb":{"@id":"https:\/\/bulgariawakacje.net\/lv\/marts-laika-apstakli-bulgarija-marta-temperatura\/#breadcrumb"},"inLanguage":"en-GB","potentialAction":[{"@type":"ReadAction","target":["https:\/\/bulgariawakacje.net\/lv\/marts-laika-apstakli-bulgarija-marta-temperatura\/"]}]},{"@type":"ImageObject","inLanguage":"en-GB","@id":"https:\/\/bulgariawakacje.net\/lv\/marts-laika-apstakli-bulgarija-marta-temperatura\/#primaryimage","url":"https:\/\/i0.wp.com\/bulgariawakacje.net\/wp-content\/uploads\/2022\/02\/March-the-weather-in-Bulgaria-in-March-temperature.jpg?resize=696%2C392&ssl=1","contentUrl":"https:\/\/i0.wp.com\/bulgariawakacje.net\/wp-content\/uploads\/2022\/02\/March-the-weather-in-Bulgaria-in-March-temperature.jpg?resize=696%2C392&ssl=1","width":696,"height":392},{"@type":"BreadcrumbList","@id":"https:\/\/bulgariawakacje.net\/lv\/marts-laika-apstakli-bulgarija-marta-temperatura\/#breadcrumb","itemListElement":[{"@type":"ListItem","position":1,"name":"Home","item":"https:\/\/bulgariawakacje.net\/lv\/"},{"@type":"ListItem","position":2,"name":"Marts &#8211; laika apst\u0101k\u013ci Bulg\u0101rij\u0101 mart\u0101 &#8211; temperat\u016bra."}]},{"@type":"WebSite","@id":"https:\/\/bulgariawakacje.net\/lv\/#website","url":"https:\/\/bulgariawakacje.net\/lv\/","name":"LV Bulg\u0101rija atva\u013cin\u0101jums","description":"Atva\u013cin\u0101jums Bulg\u0101rij\u0101 \u2013 raksti, padomi, laikapst\u0101k\u013ci un apskates vietas","publisher":{"@id":"https:\/\/bulgariawakacje.net\/lv\/#organization"},"potentialAction":[{"@type":"SearchAction","target":{"@type":"EntryPoint","urlTemplate":"https:\/\/bulgariawakacje.net\/lv\/?s={search_term_string}"},"query-input":{"@type":"PropertyValueSpecification","valueRequired":true,"valueName":"search_term_string"}}],"inLanguage":"en-GB"},{"@type":"Organization","@id":"https:\/\/bulgariawakacje.net\/lv\/#organization","name":"LV Bulg\u0101rija atva\u013cin\u0101jums","url":"https:\/\/bulgariawakacje.net\/lv\/","logo":{"@type":"ImageObject","inLanguage":"en-GB","@id":"https:\/\/bulgariawakacje.net\/lv\/#\/schema\/logo\/image\/","url":"https:\/\/i0.wp.com\/bulgariawakacje.net\/lv\/wp-content\/uploads\/sites\/22\/2022\/01\/logo.png?fit=196%2C86&ssl=1","contentUrl":"https:\/\/i0.wp.com\/bulgariawakacje.net\/lv\/wp-content\/uploads\/sites\/22\/2022\/01\/logo.png?fit=196%2C86&ssl=1","width":196,"height":86,"caption":"LV Bulg\u0101rija atva\u013cin\u0101jums"},"image":{"@id":"https:\/\/bulgariawakacje.net\/lv\/#\/schema\/logo\/image\/"}},{"@type":"Person","@id":"https:\/\/bulgariawakacje.net\/lv\/#\/schema\/person\/f6b9c02f315b7e21a37b0cf46824b99a","name":"admin","image":{"@type":"ImageObject","inLanguage":"en-GB","@id":"https:\/\/secure.gravatar.com\/avatar\/43e1c6984293579bdca6d6bb5f0adfb47d4078bc94b8da2fcfd64f6f83c3e9a5?s=96&d=mm&r=g","url":"https:\/\/secure.gravatar.com\/avatar\/43e1c6984293579bdca6d6bb5f0adfb47d4078bc94b8da2fcfd64f6f83c3e9a5?s=96&d=mm&r=g","contentUrl":"https:\/\/secure.gravatar.com\/avatar\/43e1c6984293579bdca6d6bb5f0adfb47d4078bc94b8da2fcfd64f6f83c3e9a5?s=96&d=mm&r=g","caption":"admin"},"sameAs":["https:\/\/bulgariawakacje.net"],"url":"https:\/\/bulgariawakacje.net\/lv\/author\/admin\/"}]}},"jetpack_featured_media_url":"https:\/\/i0.wp.com\/bulgariawakacje.net\/wp-content\/uploads\/2022\/02\/March-the-weather-in-Bulgaria-in-March-temperature.jpg?resize=696%2C392&ssl=1","jetpack-related-posts":[{"id":186,"url":"https:\/\/bulgariawakacje.net\/lv\/maijs-laika-apstakli-bulgarija-maija\/","url_meta":{"origin":180,"position":0},"title":"Maijs &#8211; laika apst\u0101k\u013ci Bulg\u0101rij\u0101 maij\u0101","author":"admin","date":"February 8, 2022","format":false,"excerpt":"maij\u0101 Bulg\u0101rij\u0101. Pieminek\u013cu apmekl\u0113\u0161ana un pastaigas pa pludmali ir tikai da\u017ei no \u0161\u012bs skaist\u0101s valsts apskates objektiem. Maijs Bulg\u0101rij\u0101 ir \u012bsts pavasaris ne tikai laikapst\u0101k\u013cos, bet galvenok\u0101rt dab\u0101. Viss br\u012bni\u0161\u0137\u012bgi zied, smar\u017eo un priec\u0113 gan ar kr\u0101s\u0101m, gan smar\u017e\u0101m. T\u0101p\u0113c ir v\u0113rts pastaig\u0101ties pa pludmali, Bulg\u0101rijas pils\u0113tu nosl\u0113pumainajiem nost\u016briem un\u2026","rel":"","context":"In &quot;Atva\u013cin\u0101jums&quot;","block_context":{"text":"Atva\u013cin\u0101jums","link":"https:\/\/bulgariawakacje.net\/lv\/category\/atvalinajums\/"},"img":{"alt_text":"","src":"https:\/\/i0.wp.com\/bulgariawakacje.net\/wp-content\/uploads\/2022\/02\/May-the-weather-in-Bulgaria-in-May-temperature.jpg?resize=350%2C200&ssl=1","width":350,"height":200,"srcset":"https:\/\/i0.wp.com\/bulgariawakacje.net\/wp-content\/uploads\/2022\/02\/May-the-weather-in-Bulgaria-in-May-temperature.jpg?resize=350%2C200&ssl=1 1x, https:\/\/i0.wp.com\/bulgariawakacje.net\/wp-content\/uploads\/2022\/02\/May-the-weather-in-Bulgaria-in-May-temperature.jpg?resize=525%2C300&ssl=1 1.5x"},"classes":[]},{"id":192,"url":"https:\/\/bulgariawakacje.net\/lv\/julijs-laika-apstakli-bulgarija-julija\/","url_meta":{"origin":180,"position":1},"title":"J\u016blijs &#8211; laika apst\u0101k\u013ci Bulg\u0101rij\u0101 j\u016blij\u0101","author":"admin","date":"February 8, 2022","format":false,"excerpt":"J\u016blijs Bulg\u0101rij\u0101 ir karst\u0101 sezona un augst\u0101k\u0101s temperat\u016bras laiks \u0161aj\u0101 re\u0123ion\u0101. T\u0101p\u0113c \u0161aj\u0101 laik\u0101 tur ir visvair\u0101k t\u016bristu, jo \u012bpa\u0161i piekraste ir p\u0101rpild\u012bta. Protams, t\u016bristi p\u0101rsvar\u0101 uzturas lielajos t\u016brisma centros, t\u0101p\u0113c maz\u0101k\u0101s pils\u0113ti\u0146\u0101s var r\u0113\u0137in\u0101ties ar mazliet liel\u0101ku mieru. T\u0101p\u0113c pirms do\u0161an\u0101s ce\u013c\u0101 ir v\u0113rts r\u016bp\u012bgi iepaz\u012bties ar t\u016brisma a\u0123ent\u016bru\u2026","rel":"","context":"In &quot;Atva\u013cin\u0101jums&quot;","block_context":{"text":"Atva\u013cin\u0101jums","link":"https:\/\/bulgariawakacje.net\/lv\/category\/atvalinajums\/"},"img":{"alt_text":"","src":"https:\/\/i0.wp.com\/bulgariawakacje.net\/wp-content\/uploads\/2022\/02\/July-the-weather-in-Bulgaria-in-July-temperature.jpg?resize=350%2C200&ssl=1","width":350,"height":200,"srcset":"https:\/\/i0.wp.com\/bulgariawakacje.net\/wp-content\/uploads\/2022\/02\/July-the-weather-in-Bulgaria-in-July-temperature.jpg?resize=350%2C200&ssl=1 1x, https:\/\/i0.wp.com\/bulgariawakacje.net\/wp-content\/uploads\/2022\/02\/July-the-weather-in-Bulgaria-in-July-temperature.jpg?resize=525%2C300&ssl=1 1.5x"},"classes":[]},{"id":195,"url":"https:\/\/bulgariawakacje.net\/lv\/augusts-laika-apstakli-bulgarija-augusta\/","url_meta":{"origin":180,"position":2},"title":"Augusts &#8211; laika apst\u0101k\u013ci Bulg\u0101rij\u0101 august\u0101","author":"admin","date":"February 15, 2022","format":false,"excerpt":"Bulg\u0101rij\u0101 august\u0101. Laikapst\u0101k\u013ci, temperat\u016bra un bulg\u0101ru virtuve. Augusts Bulg\u0101rij\u0101 ir otrais karstuma un t\u016brisma sezonas m\u0113nesis. Pludmales joproj\u0101m ir t\u016bristu pilnas un da\u017ereiz pat gr\u016bti atrast br\u012bvas vietas. Tas ir ide\u0101ls atva\u013cin\u0101juma laiks visiem tiem, kas dod priek\u0161roku augst\u0101m temperat\u016br\u0101m un cilv\u0113ku p\u016b\u013ciem. Gaisa temperat\u016bra dien\u0101 ap 28 'C, nakt\u012b\u2026","rel":"","context":"In &quot;Atva\u013cin\u0101jums&quot;","block_context":{"text":"Atva\u013cin\u0101jums","link":"https:\/\/bulgariawakacje.net\/lv\/category\/atvalinajums\/"},"img":{"alt_text":"Augusts &#8211; laika apst\u0101k\u013ci Bulg\u0101rij\u0101 august\u0101","src":"https:\/\/i0.wp.com\/bulgariawakacje.net\/wp-content\/uploads\/2022\/02\/August-the-weather-in-Bulgaria-in-August-temperature.jpg?resize=350%2C200&ssl=1","width":350,"height":200,"srcset":"https:\/\/i0.wp.com\/bulgariawakacje.net\/wp-content\/uploads\/2022\/02\/August-the-weather-in-Bulgaria-in-August-temperature.jpg?resize=350%2C200&ssl=1 1x, https:\/\/i0.wp.com\/bulgariawakacje.net\/wp-content\/uploads\/2022\/02\/August-the-weather-in-Bulgaria-in-August-temperature.jpg?resize=525%2C300&ssl=1 1.5x"},"classes":[]}],"_links":{"self":[{"href":"https:\/\/bulgariawakacje.net\/lv\/wp-json\/wp\/v2\/posts\/180","targetHints":{"allow":["GET"]}}],"collection":[{"href":"https:\/\/bulgariawakacje.net\/lv\/wp-json\/wp\/v2\/posts"}],"about":[{"href":"https:\/\/bulgariawakacje.net\/lv\/wp-json\/wp\/v2\/types\/post"}],"author":[{"embeddable":true,"href":"https:\/\/bulgariawakacje.net\/lv\/wp-json\/wp\/v2\/users\/1"}],"replies":[{"embeddable":true,"href":"https:\/\/bulgariawakacje.net\/lv\/wp-json\/wp\/v2\/comments?post=180"}],"version-history":[{"count":1,"href":"https:\/\/bulgariawakacje.net\/lv\/wp-json\/wp\/v2\/posts\/180\/revisions"}],"predecessor-version":[{"id":182,"href":"https:\/\/bulgariawakacje.net\/lv\/wp-json\/wp\/v2\/posts\/180\/revisions\/182"}],"wp:featuredmedia":[{"embeddable":true,"href":"https:\/\/bulgariawakacje.net\/lv\/wp-json\/wp\/v2\/media\/181"}],"wp:attachment":[{"href":"https:\/\/bulgariawakacje.net\/lv\/wp-json\/wp\/v2\/media?parent=180"}],"wp:term":[{"taxonomy":"category","embeddable":true,"href":"https:\/\/bulgariawakacje.net\/lv\/wp-json\/wp\/v2\/categories?post=180"},{"taxonomy":"post_tag","embeddable":true,"href":"https:\/\/bulgariawakacje.net\/lv\/wp-json\/wp\/v2\/tags?post=180"}],"curies":[{"name":"wp","href":"https:\/\/api.w.org\/{rel}","templated":true}]}}